{"id":3086,"date":"2017-10-15T20:28:06","date_gmt":"2017-10-15T19:28:06","guid":{"rendered":"http:\/\/www.ass-sf.info\/de\/?p=3086"},"modified":"2017-11-12T17:20:24","modified_gmt":"2017-11-12T16:20:24","slug":"film-ag-auf-dem-erfolgstrail","status":"publish","type":"post","link":"https:\/\/www.ass-sf.info\/de\/film-ag-auf-dem-erfolgstrail\/","title":{"rendered":"Film-AG auf dem Erfolgstrail"},"content":{"rendered":"<p>Einen Landessieg &#8211; den F\u00f6rderpreis &#8220;Schb\u00e4ngli&#8221; &#8211; konnte die Film-AG der Albert-Schweitzer-Schule am vergangenen Wochenende bei den 4o. Filmtagen Bayerischer Schulen absahnen. Niels Ruscher und Kilian Klaiber durften mit Dieter Boldt &#8211; dem Leiter der Film-AG nach Gerbrunn zur Preisverleihung. Hier der offizielle Pressebericht:<\/p>\n<p><strong>Albert-Schweitzer-Schule erfolgreich auf den 40. Filmtagen Bayerischer Schulen<\/strong><\/p>\n<p>Mit zwei Filmen war die Film-AG der Albert-Schweitzer-Schule auf den 40. Filmtagen Bayerischer Schulen in Gerbrunn bei W\u00fcrzburg vertreten. Der Film \u201eFranzi\u201c lief im Horizonte-Programm des Filmfestes. Hier wurde in verschiedenen Spielszenen das Leben einer Sch\u00fclerin dargestellt, die immer tiefer in die Computerspielsucht abgerutscht ist, bis sie schlie\u00dflich v\u00f6llig isoliert und ohne Freunde da steht.<\/p>\n<p>Der Film \u201eKilian\u201c schaffte es in das Hauptprogramm des Festivals und kann sich damit zu den Landessiegern z\u00e4hlen. In dem kurzen Dokumentarfilm berichtet der Sch\u00fcler Kilian \u00fcber sein Hobby, das Biken. Durch abwechslungsreiche Kameraeinstellungen erf\u00e4hrt der Zuschauer sehr lebendig, was f\u00fcr Kilian dieses Hobby ausmacht. Durch die perfekte Mischung \u2013 der Einblick in Kilians Leben ist nicht zu intim aber auch nicht zu sachlich \u2013 \u00fcberzeugte der Film die Festivalsjury und bekam den F\u00f6rderpreis \u201eSchb\u00e4ngli\u201c verliehen. Diesen konnten Kilian Klaiber und Niels Ruscher , die mit dem Filmgruppenleiter Dieter Boldt nach Gerbrunn gereist waren, auf der gro\u00dfen B\u00fchne des Festivals entgegen nehmen.<\/p>\n<p>Die Filmgruppe der Albert-Schweitzer-Schule besteht seit drei Jahren und wurde durch die Unterst\u00fctzung des F\u00f6rdervereins der Schule \u00fcberhaupt erst erm\u00f6glicht. Im vergangenen Jahr war vor allem auch <a href=\"http:\/\/www.ass-sf.info\/de\/da-bewegt-sich-was\/#1509043391152-cd30b674-172c\" target=\"_blank\" rel=\"noopener\">die dokumentarische Begleitung der Malaktion von Martin Baltscheit in der Mensa<\/a> der Schule ein H\u00f6hepunkt der Arbeit.<\/p>\n<p><iframe loading=\"lazy\" title=\"Kilian\" src=\"https:\/\/player.vimeo.com\/video\/239713159?dnt=1&amp;app_id=122963\" width=\"900\" height=\"506\" frameborder=\"0\" allow=\"autoplay; fullscreen; picture-in-picture\" allowfullscreen><\/iframe><\/p>\n<p><iframe loading=\"lazy\" title=\"Martin Baltscheit malt in Sonthofen\" width=\"900\" height=\"506\" src=\"https:\/\/www.youtube.com\/embed\/QWV2ybjlB0I?feature=oembed\" frameborder=\"0\" allow=\"accelerometer; autoplay; clipboard-write; encrypted-media; gyroscope; picture-in-picture\" allowfullscreen><\/iframe><\/p>\n<hr \/>\n\n\t\t<style type=\"text\/css\">\n\t\t\t#gallery-1 {\n\t\t\t\tmargin: auto;\n\t\t\t}\n\t\t\t#gallery-1 .gallery-item {\n\t\t\t\tfloat: left;\n\t\t\t\tmargin-top: 10px;\n\t\t\t\ttext-align: center;\n\t\t\t\twidth: 33%;\n\t\t\t}\n\t\t\t#gallery-1 img {\n\t\t\t\tborder: 2px solid #cfcfcf;\n\t\t\t}\n\t\t\t#gallery-1 .gallery-caption {\n\t\t\t\tmargin-left: 0;\n\t\t\t}\n\t\t\t\/* see gallery_shortcode() in wp-includes\/media.php *\/\n\t\t<\/style>\n\t\t<div id='gallery-1' class='gallery galleryid-3086 gallery-columns-3 gallery-size-medium'><dl class='gallery-item'>\n\t\t\t<dt class='gallery-icon landscape'>\n\t\t\t\t<a href='https:\/\/www.ass-sf.info\/de\/wp-content\/uploads\/2017\/10\/2017_18_ASS_Film-AG_Preisverleihung_1.jpg'><img width=\"300\" height=\"192\" src=\"https:\/\/www.ass-sf.info\/de\/wp-content\/uploads\/2017\/10\/2017_18_ASS_Film-AG_Preisverleihung_1-300x192.jpg\" class=\"attachment-medium size-medium\" alt=\"\" decoding=\"async\" loading=\"lazy\" srcset=\"https:\/\/www.ass-sf.info\/de\/wp-content\/uploads\/2017\/10\/2017_18_ASS_Film-AG_Preisverleihung_1-300x192.jpg 300w, https:\/\/www.ass-sf.info\/de\/wp-content\/uploads\/2017\/10\/2017_18_ASS_Film-AG_Preisverleihung_1-768x492.jpg 768w, https:\/\/www.ass-sf.info\/de\/wp-content\/uploads\/2017\/10\/2017_18_ASS_Film-AG_Preisverleihung_1-1024x657.jpg 1024w, https:\/\/www.ass-sf.info\/de\/wp-content\/uploads\/2017\/10\/2017_18_ASS_Film-AG_Preisverleihung_1.jpg 1920w\" sizes=\"(max-width: 300px) 100vw, 300px\" \/><\/a>\n\t\t\t<\/dt><\/dl><dl class='gallery-item'>\n\t\t\t<dt class='gallery-icon landscape'>\n\t\t\t\t<a href='https:\/\/www.ass-sf.info\/de\/wp-content\/uploads\/2017\/10\/2017_18_ASS_Film-AG_Preisverleihung_3.jpg'><img width=\"300\" height=\"200\" src=\"https:\/\/www.ass-sf.info\/de\/wp-content\/uploads\/2017\/10\/2017_18_ASS_Film-AG_Preisverleihung_3-300x200.jpg\" class=\"attachment-medium size-medium\" alt=\"\" decoding=\"async\" loading=\"lazy\" srcset=\"https:\/\/www.ass-sf.info\/de\/wp-content\/uploads\/2017\/10\/2017_18_ASS_Film-AG_Preisverleihung_3-300x200.jpg 300w, https:\/\/www.ass-sf.info\/de\/wp-content\/uploads\/2017\/10\/2017_18_ASS_Film-AG_Preisverleihung_3-768x512.jpg 768w, https:\/\/www.ass-sf.info\/de\/wp-content\/uploads\/2017\/10\/2017_18_ASS_Film-AG_Preisverleihung_3-1024x683.jpg 1024w, https:\/\/www.ass-sf.info\/de\/wp-content\/uploads\/2017\/10\/2017_18_ASS_Film-AG_Preisverleihung_3.jpg 1920w\" sizes=\"(max-width: 300px) 100vw, 300px\" \/><\/a>\n\t\t\t<\/dt><\/dl><dl class='gallery-item'>\n\t\t\t<dt class='gallery-icon landscape'>\n\t\t\t\t<a href='https:\/\/www.ass-sf.info\/de\/wp-content\/uploads\/2017\/10\/2017_18_ASS_Film-AG_Preisverleihung_4.jpg'><img width=\"300\" height=\"240\" src=\"https:\/\/www.ass-sf.info\/de\/wp-content\/uploads\/2017\/10\/2017_18_ASS_Film-AG_Preisverleihung_4-300x240.jpg\" class=\"attachment-medium size-medium\" alt=\"\" decoding=\"async\" loading=\"lazy\" srcset=\"https:\/\/www.ass-sf.info\/de\/wp-content\/uploads\/2017\/10\/2017_18_ASS_Film-AG_Preisverleihung_4-300x240.jpg 300w, https:\/\/www.ass-sf.info\/de\/wp-content\/uploads\/2017\/10\/2017_18_ASS_Film-AG_Preisverleihung_4-768x614.jpg 768w, https:\/\/www.ass-sf.info\/de\/wp-content\/uploads\/2017\/10\/2017_18_ASS_Film-AG_Preisverleihung_4-1024x819.jpg 1024w, https:\/\/www.ass-sf.info\/de\/wp-content\/uploads\/2017\/10\/2017_18_ASS_Film-AG_Preisverleihung_4.jpg 1920w\" sizes=\"(max-width: 300px) 100vw, 300px\" \/><\/a>\n\t\t\t<\/dt><\/dl><br style=\"clear: both\" \/><dl class='gallery-item'>\n\t\t\t<dt class='gallery-icon landscape'>\n\t\t\t\t<a href='https:\/\/www.ass-sf.info\/de\/wp-content\/uploads\/2017\/10\/2017_18_ASS_Film-AG_Preisverleihung_5.jpg'><img width=\"300\" height=\"153\" src=\"https:\/\/www.ass-sf.info\/de\/wp-content\/uploads\/2017\/10\/2017_18_ASS_Film-AG_Preisverleihung_5-300x153.jpg\" class=\"attachment-medium size-medium\" alt=\"\" decoding=\"async\" loading=\"lazy\" srcset=\"https:\/\/www.ass-sf.info\/de\/wp-content\/uploads\/2017\/10\/2017_18_ASS_Film-AG_Preisverleihung_5-300x153.jpg 300w, https:\/\/www.ass-sf.info\/de\/wp-content\/uploads\/2017\/10\/2017_18_ASS_Film-AG_Preisverleihung_5-768x393.jpg 768w, https:\/\/www.ass-sf.info\/de\/wp-content\/uploads\/2017\/10\/2017_18_ASS_Film-AG_Preisverleihung_5-1024x524.jpg 1024w, https:\/\/www.ass-sf.info\/de\/wp-content\/uploads\/2017\/10\/2017_18_ASS_Film-AG_Preisverleihung_5.jpg 1920w\" sizes=\"(max-width: 300px) 100vw, 300px\" \/><\/a>\n\t\t\t<\/dt><\/dl><dl class='gallery-item'>\n\t\t\t<dt class='gallery-icon landscape'>\n\t\t\t\t<a href='https:\/\/www.ass-sf.info\/de\/wp-content\/uploads\/2017\/10\/2017_18_ASS_Film-AG_Preisverleihung_6.jpg'><img width=\"300\" height=\"211\" src=\"https:\/\/www.ass-sf.info\/de\/wp-content\/uploads\/2017\/10\/2017_18_ASS_Film-AG_Preisverleihung_6-300x211.jpg\" class=\"attachment-medium size-medium\" alt=\"\" decoding=\"async\" loading=\"lazy\" srcset=\"https:\/\/www.ass-sf.info\/de\/wp-content\/uploads\/2017\/10\/2017_18_ASS_Film-AG_Preisverleihung_6-300x211.jpg 300w, https:\/\/www.ass-sf.info\/de\/wp-content\/uploads\/2017\/10\/2017_18_ASS_Film-AG_Preisverleihung_6-768x539.jpg 768w, https:\/\/www.ass-sf.info\/de\/wp-content\/uploads\/2017\/10\/2017_18_ASS_Film-AG_Preisverleihung_6-1024x719.jpg 1024w, https:\/\/www.ass-sf.info\/de\/wp-content\/uploads\/2017\/10\/2017_18_ASS_Film-AG_Preisverleihung_6.jpg 1920w\" sizes=\"(max-width: 300px) 100vw, 300px\" \/><\/a>\n\t\t\t<\/dt><\/dl><dl class='gallery-item'>\n\t\t\t<dt class='gallery-icon landscape'>\n\t\t\t\t<a href='https:\/\/www.ass-sf.info\/de\/wp-content\/uploads\/2017\/10\/2017_18_ASS_Film-AG_Preisverleihung_7.jpg'><img width=\"300\" height=\"258\" src=\"https:\/\/www.ass-sf.info\/de\/wp-content\/uploads\/2017\/10\/2017_18_ASS_Film-AG_Preisverleihung_7-300x258.jpg\" class=\"attachment-medium size-medium\" alt=\"\" decoding=\"async\" loading=\"lazy\" srcset=\"https:\/\/www.ass-sf.info\/de\/wp-content\/uploads\/2017\/10\/2017_18_ASS_Film-AG_Preisverleihung_7-300x258.jpg 300w, https:\/\/www.ass-sf.info\/de\/wp-content\/uploads\/2017\/10\/2017_18_ASS_Film-AG_Preisverleihung_7-768x659.jpg 768w, https:\/\/www.ass-sf.info\/de\/wp-content\/uploads\/2017\/10\/2017_18_ASS_Film-AG_Preisverleihung_7-1024x879.jpg 1024w, https:\/\/www.ass-sf.info\/de\/wp-content\/uploads\/2017\/10\/2017_18_ASS_Film-AG_Preisverleihung_7.jpg 1920w\" sizes=\"(max-width: 300px) 100vw, 300px\" \/><\/a>\n\t\t\t<\/dt><\/dl><br style=\"clear: both\" \/>\n\t\t<\/div>\n\n<hr \/>\n<p>Lest hier die Kritik der Jury:<\/p>\n<a href=\"https:\/\/www.ass-sf.info\/de\/wp-content\/uploads\/2017\/10\/Urkunden-Filmpreis.pdf\" class=\"pdfemb-viewer\" style=\"\" data-width=\"max\" data-height=\"max\" data-toolbar=\"bottom\" data-toolbar-fixed=\"off\">Urkunden Filmpreis<\/a>\n","protected":false},"excerpt":{"rendered":"<p>Einen Landessieg &#8211; den F\u00f6rderpreis &#8220;Schb\u00e4ngli&#8221; &#8211; konnte die Film-AG der Albert-Schweitzer-Schule am vergangenen Wochenende bei den 4o. Filmtagen Bayerischer Schulen absahnen. Niels Ruscher und Kilian Klaiber durften mit Dieter Boldt &#8211; dem Leiter der Film-AG nach Gerbrunn zur Preisverleihung. Hier der offizielle Pressebericht: Albert-Schweitzer-Schule erfolgreich auf den 40. Filmtagen Bayerischer Schulen Mit zwei Filmen [&hellip;]<\/p>\n","protected":false},"author":1,"featured_media":3094,"comment_status":"open","ping_status":"open","sticky":false,"template":"","format":"standard","meta":{"footnotes":""},"categories":[7],"tags":[60,62,63,61],"_links":{"self":[{"href":"https:\/\/www.ass-sf.info\/de\/wp-json\/wp\/v2\/posts\/3086"}],"collection":[{"href":"https:\/\/www.ass-sf.info\/de\/wp-json\/wp\/v2\/posts"}],"about":[{"href":"https:\/\/www.ass-sf.info\/de\/wp-json\/wp\/v2\/types\/post"}],"author":[{"embeddable":true,"href":"https:\/\/www.ass-sf.info\/de\/wp-json\/wp\/v2\/users\/1"}],"replies":[{"embeddable":true,"href":"https:\/\/www.ass-sf.info\/de\/wp-json\/wp\/v2\/comments?post=3086"}],"version-history":[{"count":14,"href":"https:\/\/www.ass-sf.info\/de\/wp-json\/wp\/v2\/posts\/3086\/revisions"}],"predecessor-version":[{"id":3196,"href":"https:\/\/www.ass-sf.info\/de\/wp-json\/wp\/v2\/posts\/3086\/revisions\/3196"}],"wp:featuredmedia":[{"embeddable":true,"href":"https:\/\/www.ass-sf.info\/de\/wp-json\/wp\/v2\/media\/3094"}],"wp:attachment":[{"href":"https:\/\/www.ass-sf.info\/de\/wp-json\/wp\/v2\/media?parent=3086"}],"wp:term":[{"taxonomy":"category","embeddable":true,"href":"https:\/\/www.ass-sf.info\/de\/wp-json\/wp\/v2\/categories?post=3086"},{"taxonomy":"post_tag","embeddable":true,"href":"https:\/\/www.ass-sf.info\/de\/wp-json\/wp\/v2\/tags?post=3086"}],"curies":[{"name":"wp","href":"https:\/\/api.w.org\/{rel}","templated":true}]}}